{"id":33388,"date":"2026-09-02T08:19:30","date_gmt":"2026-09-02T12:19:30","guid":{"rendered":"https:\/\/www.carlosbuenonoticias.com\/?p=33388"},"modified":"2026-09-02T08:19:31","modified_gmt":"2026-09-02T12:19:31","slug":"gobierno-entrega-50-camiones-compactadores-para-fortalecer-la-recogida-de-basura","status":"publish","type":"post","link":"https:\/\/www.carlosbuenonoticias.com\/?p=33388","title":{"rendered":"Gobierno entrega 50 camiones compactadores para fortalecer la recogida de basura"},"content":{"rendered":"\n<p class=\"wp-block-paragraph\">Santo Domingo.\u2013 El Ministerio Administrativo de la Presidencia (MAPRE) entreg\u00f3 50 camiones compactadores a municipios y distritos municipales del pa\u00eds, como parte de un programa de apoyo destinado a fortalecer la capacidad de los gobiernos locales y mejorar la recogida de basura.<\/p>\n\n\n\n<p class=\"wp-block-paragraph\">El ministro Administrativo de la Presidencia, Andr\u00e9s Bautista Garc\u00eda, explic\u00f3 que la iniciativa busca atender especialmente a comunidades donde la acumulaci\u00f3n de desechos representa un riesgo para la salud p\u00fablica, el medio ambiente y la calidad de vida de sus habitantes.<\/p>\n\n\n\n<p class=\"wp-block-paragraph\">Durante un acto celebrado en la explanada frontal del Palacio Nacional, Bautista Garc\u00eda se\u00f1al\u00f3 que la entrega forma parte de una disposici\u00f3n del Gobierno para responder a una de las principales necesidades de los gobiernos locales y mejorar las condiciones de salubridad de las comunidades.<\/p>\n\n\n\n<p class=\"wp-block-paragraph\">La actividad cont\u00f3 con la presencia de los presidentes de la Liga Municipal Dominicana, V\u00edctor D\u2019Aza; de la Federaci\u00f3n Dominicana de Municipios (Fedomu) y alcalde de Saman\u00e1, Nelson N\u00fa\u00f1ez; y de la Federaci\u00f3n Dominicana de Distritos Municipales (Fedodim), Lioncito Jos\u00e9. Tambi\u00e9n participaron el ministro de Trabajo, Eddy Olivares; el director ejecutivo de DO Sostenible, Priamo Ram\u00edrez; el director general de Desarrollo a la Comunidad, Modesto Guzm\u00e1n, adem\u00e1s de legisladores y alcaldes beneficiados.<\/p>\n","protected":false},"excerpt":{"rendered":"<p>Santo Domingo.\u2013 El Ministerio Administrativo de la Presidencia (MAPRE) entreg\u00f3 50 camiones compactadores a municipios&#8230;<\/p>\n","protected":false},"author":5,"featured_media":33389,"comment_status":"closed","ping_status":"closed","sticky":false,"template":"","format":"standard","meta":{"footnotes":""},"categories":[179],"tags":[],"class_list":["post-33388","post","type-post","status-publish","format-standard","has-post-thumbnail","hentry","category-nacionales"],"featured_image_urls":{"full":["https:\/\/www.carlosbuenonoticias.com\/wp-content\/uploads\/2026\/09\/WhatsApp-Image-2026-09-01-at-1.48.07-PM.jpeg",1280,960,false],"thumbnail":["https:\/\/www.carlosbuenonoticias.com\/wp-content\/uploads\/2026\/09\/WhatsApp-Image-2026-09-01-at-1.48.07-PM-150x150.jpeg",150,150,true],"medium":["https:\/\/www.carlosbuenonoticias.com\/wp-content\/uploads\/2026\/09\/WhatsApp-Image-2026-09-01-at-1.48.07-PM-300x225.jpeg",300,225,true],"medium_large":["https:\/\/www.carlosbuenonoticias.com\/wp-content\/uploads\/2026\/09\/WhatsApp-Image-2026-09-01-at-1.48.07-PM-768x576.jpeg",640,480,true],"large":["https:\/\/www.carlosbuenonoticias.com\/wp-content\/uploads\/2026\/09\/WhatsApp-Image-2026-09-01-at-1.48.07-PM-1024x768.jpeg",640,480,true],"1536x1536":["https:\/\/www.carlosbuenonoticias.com\/wp-content\/uploads\/2026\/09\/WhatsApp-Image-2026-09-01-at-1.48.07-PM.jpeg",1280,960,false],"2048x2048":["https:\/\/www.carlosbuenonoticias.com\/wp-content\/uploads\/2026\/09\/WhatsApp-Image-2026-09-01-at-1.48.07-PM.jpeg",1280,960,false],"covernews-featured":["https:\/\/www.carlosbuenonoticias.com\/wp-content\/uploads\/2026\/09\/WhatsApp-Image-2026-09-01-at-1.48.07-PM-1024x768.jpeg",1024,768,true],"covernews-medium":["https:\/\/www.carlosbuenonoticias.com\/wp-content\/uploads\/2026\/09\/WhatsApp-Image-2026-09-01-at-1.48.07-PM-540x340.jpeg",540,340,true]},"author_info":{"info":["Bimary De Jesus"]},"category_info":"<a href=\"https:\/\/www.carlosbuenonoticias.com\/?cat=179\" rel=\"category\">NACIONALES<\/a>","tag_info":"NACIONALES","comment_count":"0","_links":{"self":[{"href":"https:\/\/www.carlosbuenonoticias.com\/index.php?rest_route=\/wp\/v2\/posts\/33388","targetHints":{"allow":["GET"]}}],"collection":[{"href":"https:\/\/www.carlosbuenonoticias.com\/index.php?rest_route=\/wp\/v2\/posts"}],"about":[{"href":"https:\/\/www.carlosbuenonoticias.com\/index.php?rest_route=\/wp\/v2\/types\/post"}],"author":[{"embeddable":true,"href":"https:\/\/www.carlosbuenonoticias.com\/index.php?rest_route=\/wp\/v2\/users\/5"}],"replies":[{"embeddable":true,"href":"https:\/\/www.carlosbuenonoticias.com\/index.php?rest_route=%2Fwp%2Fv2%2Fcomments&post=33388"}],"version-history":[{"count":1,"href":"https:\/\/www.carlosbuenonoticias.com\/index.php?rest_route=\/wp\/v2\/posts\/33388\/revisions"}],"predecessor-version":[{"id":33390,"href":"https:\/\/www.carlosbuenonoticias.com\/index.php?rest_route=\/wp\/v2\/posts\/33388\/revisions\/33390"}],"wp:featuredmedia":[{"embeddable":true,"href":"https:\/\/www.carlosbuenonoticias.com\/index.php?rest_route=\/wp\/v2\/media\/33389"}],"wp:attachment":[{"href":"https:\/\/www.carlosbuenonoticias.com\/index.php?rest_route=%2Fwp%2Fv2%2Fmedia&parent=33388"}],"wp:term":[{"taxonomy":"category","embeddable":true,"href":"https:\/\/www.carlosbuenonoticias.com\/index.php?rest_route=%2Fwp%2Fv2%2Fcategories&post=33388"},{"taxonomy":"post_tag","embeddable":true,"href":"https:\/\/www.carlosbuenonoticias.com\/index.php?rest_route=%2Fwp%2Fv2%2Ftags&post=33388"}],"curies":[{"name":"wp","href":"https:\/\/api.w.org\/{rel}","templated":true}]}}