{"id":33385,"date":"2026-09-02T08:18:15","date_gmt":"2026-09-02T12:18:15","guid":{"rendered":"https:\/\/www.carlosbuenonoticias.com\/?p=33385"},"modified":"2026-09-02T08:18:16","modified_gmt":"2026-09-02T12:18:16","slug":"aduanas-anuncia-medidas-para-controlar-transito-de-mercancias-hacia-haiti-ante-denuncias-de-desvio","status":"publish","type":"post","link":"https:\/\/www.carlosbuenonoticias.com\/?p=33385","title":{"rendered":"Aduanas anuncia medidas para controlar tr\u00e1nsito de mercanc\u00edas hacia Hait\u00ed ante denuncias de desv\u00edo"},"content":{"rendered":"\n<p class=\"wp-block-paragraph\">Santo Domingo.- El director general de Aduanas, Nelson Arroyo, anunci\u00f3 este martes nuevas medidas para reforzar la vigilancia sobre las mercanc\u00edas que ingresan a Rep\u00fablica Dominicana bajo el r\u00e9gimen de tr\u00e1nsito internacional con destino a Hait\u00ed, en medio de denuncias de sectores empresariales que cuestionan si parte de esos productos estar\u00eda permaneciendo en territorio dominicano.<\/p>\n\n\n\n<p class=\"wp-block-paragraph\">Durante una rueda de prensa en la sede de la Direcci\u00f3n General de Aduanas (DGA), Arroyo asegur\u00f3 que la instituci\u00f3n est\u00e1 abierta a investigar cualquier denuncia, pero advirti\u00f3 que no actuar\u00e1 de manera apresurada mientras no existan elementos que permitan establecer responsabilidades.<\/p>\n\n\n\n<p class=\"wp-block-paragraph\">\u201cLa Direcci\u00f3n General de Aduanas est\u00e1 abierta a cualquier tipo de denuncias y, l\u00f3gicamente, Aduanas se toma su tiempo para hacer las investigaciones del lugar porque no podemos actuar de manera ligera\u201d, afirm\u00f3.<\/p>\n\n\n\n<p class=\"wp-block-paragraph\">El funcionario explic\u00f3 que el tr\u00e1nsito internacional de mercanc\u00edas es una pr\u00e1ctica reconocida a nivel mundial, particularmente importante en pa\u00edses fronterizos, y est\u00e1 regulada por acuerdos internacionales y por la Ley 168-21 de Aduanas.<\/p>\n\n\n\n<p class=\"wp-block-paragraph\">\u201cEl tr\u00e1nsito internacional de mercanc\u00eda no es un asunto que se invent\u00f3 en la Rep\u00fablica Dominicana. Ustedes saben que es un asunto mundial y, especialmente, se da en pa\u00edses fronterizos\u201d, sostuvo.<\/p>\n","protected":false},"excerpt":{"rendered":"<p>Santo Domingo.- El director general de Aduanas, Nelson Arroyo, anunci\u00f3 este martes nuevas medidas para&#8230;<\/p>\n","protected":false},"author":5,"featured_media":33386,"comment_status":"closed","ping_status":"closed","sticky":false,"template":"","format":"standard","meta":{"footnotes":""},"categories":[181],"tags":[],"class_list":["post-33385","post","type-post","status-publish","format-standard","has-post-thumbnail","hentry","category-economia"],"featured_image_urls":{"full":["https:\/\/www.carlosbuenonoticias.com\/wp-content\/uploads\/2026\/09\/WhatsApp-Image-2026-09-01-at-11.21.03-AM-860x645-1.jpeg",860,645,false],"thumbnail":["https:\/\/www.carlosbuenonoticias.com\/wp-content\/uploads\/2026\/09\/WhatsApp-Image-2026-09-01-at-11.21.03-AM-860x645-1-150x150.jpeg",150,150,true],"medium":["https:\/\/www.carlosbuenonoticias.com\/wp-content\/uploads\/2026\/09\/WhatsApp-Image-2026-09-01-at-11.21.03-AM-860x645-1-300x225.jpeg",300,225,true],"medium_large":["https:\/\/www.carlosbuenonoticias.com\/wp-content\/uploads\/2026\/09\/WhatsApp-Image-2026-09-01-at-11.21.03-AM-860x645-1-768x576.jpeg",640,480,true],"large":["https:\/\/www.carlosbuenonoticias.com\/wp-content\/uploads\/2026\/09\/WhatsApp-Image-2026-09-01-at-11.21.03-AM-860x645-1.jpeg",640,480,false],"1536x1536":["https:\/\/www.carlosbuenonoticias.com\/wp-content\/uploads\/2026\/09\/WhatsApp-Image-2026-09-01-at-11.21.03-AM-860x645-1.jpeg",860,645,false],"2048x2048":["https:\/\/www.carlosbuenonoticias.com\/wp-content\/uploads\/2026\/09\/WhatsApp-Image-2026-09-01-at-11.21.03-AM-860x645-1.jpeg",860,645,false],"covernews-featured":["https:\/\/www.carlosbuenonoticias.com\/wp-content\/uploads\/2026\/09\/WhatsApp-Image-2026-09-01-at-11.21.03-AM-860x645-1.jpeg",860,645,false],"covernews-medium":["https:\/\/www.carlosbuenonoticias.com\/wp-content\/uploads\/2026\/09\/WhatsApp-Image-2026-09-01-at-11.21.03-AM-860x645-1-540x340.jpeg",540,340,true]},"author_info":{"info":["Bimary De Jesus"]},"category_info":"<a href=\"https:\/\/www.carlosbuenonoticias.com\/?cat=181\" rel=\"category\">Econom\u00eda<\/a>","tag_info":"Econom\u00eda","comment_count":"0","_links":{"self":[{"href":"https:\/\/www.carlosbuenonoticias.com\/index.php?rest_route=\/wp\/v2\/posts\/33385","targetHints":{"allow":["GET"]}}],"collection":[{"href":"https:\/\/www.carlosbuenonoticias.com\/index.php?rest_route=\/wp\/v2\/posts"}],"about":[{"href":"https:\/\/www.carlosbuenonoticias.com\/index.php?rest_route=\/wp\/v2\/types\/post"}],"author":[{"embeddable":true,"href":"https:\/\/www.carlosbuenonoticias.com\/index.php?rest_route=\/wp\/v2\/users\/5"}],"replies":[{"embeddable":true,"href":"https:\/\/www.carlosbuenonoticias.com\/index.php?rest_route=%2Fwp%2Fv2%2Fcomments&post=33385"}],"version-history":[{"count":1,"href":"https:\/\/www.carlosbuenonoticias.com\/index.php?rest_route=\/wp\/v2\/posts\/33385\/revisions"}],"predecessor-version":[{"id":33387,"href":"https:\/\/www.carlosbuenonoticias.com\/index.php?rest_route=\/wp\/v2\/posts\/33385\/revisions\/33387"}],"wp:featuredmedia":[{"embeddable":true,"href":"https:\/\/www.carlosbuenonoticias.com\/index.php?rest_route=\/wp\/v2\/media\/33386"}],"wp:attachment":[{"href":"https:\/\/www.carlosbuenonoticias.com\/index.php?rest_route=%2Fwp%2Fv2%2Fmedia&parent=33385"}],"wp:term":[{"taxonomy":"category","embeddable":true,"href":"https:\/\/www.carlosbuenonoticias.com\/index.php?rest_route=%2Fwp%2Fv2%2Fcategories&post=33385"},{"taxonomy":"post_tag","embeddable":true,"href":"https:\/\/www.carlosbuenonoticias.com\/index.php?rest_route=%2Fwp%2Fv2%2Ftags&post=33385"}],"curies":[{"name":"wp","href":"https:\/\/api.w.org\/{rel}","templated":true}]}}