{"id":33379,"date":"2026-09-01T08:39:10","date_gmt":"2026-09-01T12:39:10","guid":{"rendered":"https:\/\/www.carlosbuenonoticias.com\/?p=33379"},"modified":"2026-09-01T08:39:10","modified_gmt":"2026-09-01T12:39:10","slug":"miralba-ruiz-regresa-a-la-radio-con-medio-a-medio-un-espacio-de-analisis-y-diversidad-de-opiniones","status":"publish","type":"post","link":"https:\/\/www.carlosbuenonoticias.com\/?p=33379","title":{"rendered":"Miralba Ruiz regresa a la radio con \u201cMedio a Medio\u201d, un espacio de an\u00e1lisis y diversidad de opiniones"},"content":{"rendered":"\n<p class=\"wp-block-paragraph\">Santo Domingo.\u2013 La comunicadora Miralba Ruiz regresa a la radio con \u201cMedio a Medio\u201d, un nuevo espacio que se suma a la programaci\u00f3n de Top Latina 101.7\/97.5 FM, del Grupo RTN, con una propuesta centrada en la actualidad, el an\u00e1lisis, la conversaci\u00f3n y la diversidad de opiniones.<\/p>\n\n\n\n<p class=\"wp-block-paragraph\">El programa, que inicia este martes 1 de septiembre y se transmitir\u00e1 de 12:00 del mediod\u00eda a 2:00 de la tarde, abordar\u00e1 temas de inter\u00e9s nacional relacionados con pol\u00edtica, econom\u00eda, salud, sociedad, familia y entretenimiento, procurando ofrecer a la audiencia no solo informaci\u00f3n, sino tambi\u00e9n contexto sobre los acontecimientos.<\/p>\n\n\n\n<p class=\"wp-block-paragraph\">\u201cQueremos que Medio a Medio sea ese lugar al que la gente llegue para saber qu\u00e9 est\u00e1 pasando, pero tambi\u00e9n para entenderlo. Que podamos hablar de pol\u00edtica sin gritar, de econom\u00eda sin complicarla, de salud sin alarmismo y de los problemas sociales sin perder de vista a las personas\u201d, explic\u00f3 Ruiz.<\/p>\n\n\n\n<p class=\"wp-block-paragraph\">El nombre del espacio responde precisamente a la intenci\u00f3n de propiciar el intercambio de perspectivas y encontrar puntos de encuentro entre posiciones diferentes. La propuesta parte de la idea de que una misma realidad puede ser analizada desde distintos \u00e1ngulos y que la audiencia debe contar con elementos suficientes para construir su propio criterio.<a href=\"https:\/\/deultimominuto.com\/author\/lveras\/\"><\/a><\/p>\n","protected":false},"excerpt":{"rendered":"<p>Santo Domingo.\u2013 La comunicadora Miralba Ruiz regresa a la radio con \u201cMedio a Medio\u201d, un&#8230;<\/p>\n","protected":false},"author":5,"featured_media":33380,"comment_status":"closed","ping_status":"closed","sticky":false,"template":"","format":"standard","meta":{"footnotes":""},"categories":[178],"tags":[],"class_list":["post-33379","post","type-post","status-publish","format-standard","has-post-thumbnail","hentry","category-entretenimiento"],"featured_image_urls":{"full":["https:\/\/www.carlosbuenonoticias.com\/wp-content\/uploads\/2026\/09\/WhatsApp-Image-2026-08-31-at-8.57.11-PM-860x484-1.jpeg",860,484,false],"thumbnail":["https:\/\/www.carlosbuenonoticias.com\/wp-content\/uploads\/2026\/09\/WhatsApp-Image-2026-08-31-at-8.57.11-PM-860x484-1-150x150.jpeg",150,150,true],"medium":["https:\/\/www.carlosbuenonoticias.com\/wp-content\/uploads\/2026\/09\/WhatsApp-Image-2026-08-31-at-8.57.11-PM-860x484-1-300x169.jpeg",300,169,true],"medium_large":["https:\/\/www.carlosbuenonoticias.com\/wp-content\/uploads\/2026\/09\/WhatsApp-Image-2026-08-31-at-8.57.11-PM-860x484-1-768x432.jpeg",640,360,true],"large":["https:\/\/www.carlosbuenonoticias.com\/wp-content\/uploads\/2026\/09\/WhatsApp-Image-2026-08-31-at-8.57.11-PM-860x484-1.jpeg",640,360,false],"1536x1536":["https:\/\/www.carlosbuenonoticias.com\/wp-content\/uploads\/2026\/09\/WhatsApp-Image-2026-08-31-at-8.57.11-PM-860x484-1.jpeg",860,484,false],"2048x2048":["https:\/\/www.carlosbuenonoticias.com\/wp-content\/uploads\/2026\/09\/WhatsApp-Image-2026-08-31-at-8.57.11-PM-860x484-1.jpeg",860,484,false],"covernews-featured":["https:\/\/www.carlosbuenonoticias.com\/wp-content\/uploads\/2026\/09\/WhatsApp-Image-2026-08-31-at-8.57.11-PM-860x484-1.jpeg",860,484,false],"covernews-medium":["https:\/\/www.carlosbuenonoticias.com\/wp-content\/uploads\/2026\/09\/WhatsApp-Image-2026-08-31-at-8.57.11-PM-860x484-1-540x340.jpeg",540,340,true]},"author_info":{"info":["Bimary De Jesus"]},"category_info":"<a href=\"https:\/\/www.carlosbuenonoticias.com\/?cat=178\" rel=\"category\">Entretenimiento<\/a>","tag_info":"Entretenimiento","comment_count":"0","_links":{"self":[{"href":"https:\/\/www.carlosbuenonoticias.com\/index.php?rest_route=\/wp\/v2\/posts\/33379","targetHints":{"allow":["GET"]}}],"collection":[{"href":"https:\/\/www.carlosbuenonoticias.com\/index.php?rest_route=\/wp\/v2\/posts"}],"about":[{"href":"https:\/\/www.carlosbuenonoticias.com\/index.php?rest_route=\/wp\/v2\/types\/post"}],"author":[{"embeddable":true,"href":"https:\/\/www.carlosbuenonoticias.com\/index.php?rest_route=\/wp\/v2\/users\/5"}],"replies":[{"embeddable":true,"href":"https:\/\/www.carlosbuenonoticias.com\/index.php?rest_route=%2Fwp%2Fv2%2Fcomments&post=33379"}],"version-history":[{"count":1,"href":"https:\/\/www.carlosbuenonoticias.com\/index.php?rest_route=\/wp\/v2\/posts\/33379\/revisions"}],"predecessor-version":[{"id":33381,"href":"https:\/\/www.carlosbuenonoticias.com\/index.php?rest_route=\/wp\/v2\/posts\/33379\/revisions\/33381"}],"wp:featuredmedia":[{"embeddable":true,"href":"https:\/\/www.carlosbuenonoticias.com\/index.php?rest_route=\/wp\/v2\/media\/33380"}],"wp:attachment":[{"href":"https:\/\/www.carlosbuenonoticias.com\/index.php?rest_route=%2Fwp%2Fv2%2Fmedia&parent=33379"}],"wp:term":[{"taxonomy":"category","embeddable":true,"href":"https:\/\/www.carlosbuenonoticias.com\/index.php?rest_route=%2Fwp%2Fv2%2Fcategories&post=33379"},{"taxonomy":"post_tag","embeddable":true,"href":"https:\/\/www.carlosbuenonoticias.com\/index.php?rest_route=%2Fwp%2Fv2%2Ftags&post=33379"}],"curies":[{"name":"wp","href":"https:\/\/api.w.org\/{rel}","templated":true}]}}