{"id":33373,"date":"2026-09-01T08:36:15","date_gmt":"2026-09-01T12:36:15","guid":{"rendered":"https:\/\/www.carlosbuenonoticias.com\/?p=33373"},"modified":"2026-09-01T08:36:16","modified_gmt":"2026-09-01T12:36:16","slug":"abinader-anuncia-ampliacion-del-acueducto-del-cibao-y-mas-agua-para-santo-domingo-y-cotui","status":"publish","type":"post","link":"https:\/\/www.carlosbuenonoticias.com\/?p=33373","title":{"rendered":"Abinader anuncia ampliaci\u00f3n del Acueducto del Cibao y m\u00e1s agua para Santo Domingo y Cotu\u00ed"},"content":{"rendered":"\n<p class=\"wp-block-paragraph\">El presidente Luis Abinader anunci\u00f3 la ampliaci\u00f3n del Acueducto del Cibao Central, proyecto que contempla una nueva l\u00ednea directa hacia Moca con capacidad de 2 metros c\u00fabicos de agua por segundo, como parte de las obras con las que el Gobierno busca fortalecer la red h\u00eddrica nacional.<\/p>\n\n\n\n<p class=\"wp-block-paragraph\">El mandatario tambi\u00e9n inform\u00f3 que se trabaja en una soluci\u00f3n para mejorar la distribuci\u00f3n de agua potable en Santo Domingo durante los pr\u00f3ximos 8 a 10 a\u00f1os, con la incorporaci\u00f3n de 5 metros c\u00fabicos por segundo adicionales para la provincia y 500 litros por segundo para Cotu\u00ed.<\/p>\n\n\n\n<p class=\"wp-block-paragraph\">Las informaciones fueron ofrecidas durante la segunda edici\u00f3n de \u201cLA Agenda Semanal\u201d, encabezada por Abinader junto a las autoridades del sector h\u00eddrico, donde se present\u00f3 un balance de las principales obras de agua potable, alcantarillado sanitario y saneamiento de ca\u00f1adas que ejecuta el Gobierno en distintas zonas del pa\u00eds.<\/p>\n","protected":false},"excerpt":{"rendered":"<p>El presidente Luis Abinader anunci\u00f3 la ampliaci\u00f3n del Acueducto del Cibao Central, proyecto que contempla&#8230;<\/p>\n","protected":false},"author":5,"featured_media":33374,"comment_status":"closed","ping_status":"closed","sticky":false,"template":"","format":"standard","meta":{"footnotes":""},"categories":[180],"tags":[],"class_list":["post-33373","post","type-post","status-publish","format-standard","has-post-thumbnail","hentry","category-regionales"],"featured_image_urls":{"full":["https:\/\/www.carlosbuenonoticias.com\/wp-content\/uploads\/2026\/09\/WhatsApp-Image-2026-08-31-at-9.37.32-PM.webp",1024,683,false],"thumbnail":["https:\/\/www.carlosbuenonoticias.com\/wp-content\/uploads\/2026\/09\/WhatsApp-Image-2026-08-31-at-9.37.32-PM-150x150.webp",150,150,true],"medium":["https:\/\/www.carlosbuenonoticias.com\/wp-content\/uploads\/2026\/09\/WhatsApp-Image-2026-08-31-at-9.37.32-PM-300x200.webp",300,200,true],"medium_large":["https:\/\/www.carlosbuenonoticias.com\/wp-content\/uploads\/2026\/09\/WhatsApp-Image-2026-08-31-at-9.37.32-PM-768x512.webp",640,427,true],"large":["https:\/\/www.carlosbuenonoticias.com\/wp-content\/uploads\/2026\/09\/WhatsApp-Image-2026-08-31-at-9.37.32-PM.webp",640,427,false],"1536x1536":["https:\/\/www.carlosbuenonoticias.com\/wp-content\/uploads\/2026\/09\/WhatsApp-Image-2026-08-31-at-9.37.32-PM.webp",1024,683,false],"2048x2048":["https:\/\/www.carlosbuenonoticias.com\/wp-content\/uploads\/2026\/09\/WhatsApp-Image-2026-08-31-at-9.37.32-PM.webp",1024,683,false],"covernews-featured":["https:\/\/www.carlosbuenonoticias.com\/wp-content\/uploads\/2026\/09\/WhatsApp-Image-2026-08-31-at-9.37.32-PM.webp",1024,683,false],"covernews-medium":["https:\/\/www.carlosbuenonoticias.com\/wp-content\/uploads\/2026\/09\/WhatsApp-Image-2026-08-31-at-9.37.32-PM-540x340.webp",540,340,true]},"author_info":{"info":["Bimary De Jesus"]},"category_info":"<a href=\"https:\/\/www.carlosbuenonoticias.com\/?cat=180\" rel=\"category\">REGIONALES<\/a>","tag_info":"REGIONALES","comment_count":"0","_links":{"self":[{"href":"https:\/\/www.carlosbuenonoticias.com\/index.php?rest_route=\/wp\/v2\/posts\/33373","targetHints":{"allow":["GET"]}}],"collection":[{"href":"https:\/\/www.carlosbuenonoticias.com\/index.php?rest_route=\/wp\/v2\/posts"}],"about":[{"href":"https:\/\/www.carlosbuenonoticias.com\/index.php?rest_route=\/wp\/v2\/types\/post"}],"author":[{"embeddable":true,"href":"https:\/\/www.carlosbuenonoticias.com\/index.php?rest_route=\/wp\/v2\/users\/5"}],"replies":[{"embeddable":true,"href":"https:\/\/www.carlosbuenonoticias.com\/index.php?rest_route=%2Fwp%2Fv2%2Fcomments&post=33373"}],"version-history":[{"count":1,"href":"https:\/\/www.carlosbuenonoticias.com\/index.php?rest_route=\/wp\/v2\/posts\/33373\/revisions"}],"predecessor-version":[{"id":33375,"href":"https:\/\/www.carlosbuenonoticias.com\/index.php?rest_route=\/wp\/v2\/posts\/33373\/revisions\/33375"}],"wp:featuredmedia":[{"embeddable":true,"href":"https:\/\/www.carlosbuenonoticias.com\/index.php?rest_route=\/wp\/v2\/media\/33374"}],"wp:attachment":[{"href":"https:\/\/www.carlosbuenonoticias.com\/index.php?rest_route=%2Fwp%2Fv2%2Fmedia&parent=33373"}],"wp:term":[{"taxonomy":"category","embeddable":true,"href":"https:\/\/www.carlosbuenonoticias.com\/index.php?rest_route=%2Fwp%2Fv2%2Fcategories&post=33373"},{"taxonomy":"post_tag","embeddable":true,"href":"https:\/\/www.carlosbuenonoticias.com\/index.php?rest_route=%2Fwp%2Fv2%2Ftags&post=33373"}],"curies":[{"name":"wp","href":"https:\/\/api.w.org\/{rel}","templated":true}]}}