{"id":33355,"date":"2026-08-31T07:32:59","date_gmt":"2026-08-31T11:32:59","guid":{"rendered":"https:\/\/www.carlosbuenonoticias.com\/?p=33355"},"modified":"2026-08-31T07:32:59","modified_gmt":"2026-08-31T11:32:59","slug":"nicky-jam-y-sin-bandera-conquistan-al-publico-dominicano-con-una-noche-de-musica-y-romance","status":"publish","type":"post","link":"https:\/\/www.carlosbuenonoticias.com\/?p=33355","title":{"rendered":"Nicky Jam y Sin Bandera conquistan al p\u00fablico dominicano con una noche de m\u00fasica y romance"},"content":{"rendered":"\n<p class=\"wp-block-paragraph\">Santo Domingo.- La m\u00fasica urbana y las baladas rom\u00e1nticas se apoderaron de Santo Domingo durante una noche cargada de emociones, nostalgia y sorpresas, con las presentaciones de Nicky Jam y Sin Bandera, quienes deleitaron al p\u00fablico con un amplio recorrido por sus principales \u00e9xitos.<\/p>\n\n\n\n<p class=\"wp-block-paragraph\">A las 10:25 p.m., Nicky Jam subi\u00f3 al escenario para iniciar su presentaci\u00f3n con Te Robar\u00e9\u201d, colaboraci\u00f3n que grab\u00f3 junto a Ozuna.<\/p>\n\n\n\n<p class=\"wp-block-paragraph\">El artista se mostr\u00f3 especialmente emocionado por reencontrarse nuevamente con el p\u00fablico dominicano y record\u00f3 el v\u00ednculo que mantiene con el pa\u00eds, al destacar que Rep\u00fablica Dominicana fue clave para que pudiera reencontrarse con su madre despu\u00e9s de varios a\u00f1os de distanciamiento.<\/p>\n\n\n\n<p class=\"wp-block-paragraph\">Durante su presentaci\u00f3n, Nick Rivera Caminero, de 45 a\u00f1os, afirm\u00f3 en varias ocasiones que sus ra\u00edces son mitad puertorrique\u00f1as y mitad dominicanas, asegurando que siempre ha llevado con orgullo su conexi\u00f3n con Rep\u00fablica Dominicana.<\/p>\n\n\n\n<p class=\"wp-block-paragraph\">Durante aproximadamente una hora y 25 minutos, Nicky Jam interpret\u00f3 cerca de 27 canciones, incluyendo temas de sus primeros a\u00f1os junto a Daddy Yankee y \u00e9xitos de su carrera como solista.<\/p>\n","protected":false},"excerpt":{"rendered":"<p>Santo Domingo.- La m\u00fasica urbana y las baladas rom\u00e1nticas se apoderaron de Santo Domingo durante&#8230;<\/p>\n","protected":false},"author":5,"featured_media":33356,"comment_status":"closed","ping_status":"closed","sticky":false,"template":"","format":"standard","meta":{"footnotes":""},"categories":[178],"tags":[],"class_list":["post-33355","post","type-post","status-publish","format-standard","has-post-thumbnail","hentry","category-entretenimiento"],"featured_image_urls":{"full":["https:\/\/www.carlosbuenonoticias.com\/wp-content\/uploads\/2026\/08\/Copia-de-Copia-de-Post-de-Instagram-Feliz-Cumpleanos-Sencillo-Minimalista-Azul-1000-x-500-px-2026-08-30T142504.371-860x430-1.png",860,430,false],"thumbnail":["https:\/\/www.carlosbuenonoticias.com\/wp-content\/uploads\/2026\/08\/Copia-de-Copia-de-Post-de-Instagram-Feliz-Cumpleanos-Sencillo-Minimalista-Azul-1000-x-500-px-2026-08-30T142504.371-860x430-1-150x150.png",150,150,true],"medium":["https:\/\/www.carlosbuenonoticias.com\/wp-content\/uploads\/2026\/08\/Copia-de-Copia-de-Post-de-Instagram-Feliz-Cumpleanos-Sencillo-Minimalista-Azul-1000-x-500-px-2026-08-30T142504.371-860x430-1-300x150.png",300,150,true],"medium_large":["https:\/\/www.carlosbuenonoticias.com\/wp-content\/uploads\/2026\/08\/Copia-de-Copia-de-Post-de-Instagram-Feliz-Cumpleanos-Sencillo-Minimalista-Azul-1000-x-500-px-2026-08-30T142504.371-860x430-1-768x384.png",640,320,true],"large":["https:\/\/www.carlosbuenonoticias.com\/wp-content\/uploads\/2026\/08\/Copia-de-Copia-de-Post-de-Instagram-Feliz-Cumpleanos-Sencillo-Minimalista-Azul-1000-x-500-px-2026-08-30T142504.371-860x430-1.png",640,320,false],"1536x1536":["https:\/\/www.carlosbuenonoticias.com\/wp-content\/uploads\/2026\/08\/Copia-de-Copia-de-Post-de-Instagram-Feliz-Cumpleanos-Sencillo-Minimalista-Azul-1000-x-500-px-2026-08-30T142504.371-860x430-1.png",860,430,false],"2048x2048":["https:\/\/www.carlosbuenonoticias.com\/wp-content\/uploads\/2026\/08\/Copia-de-Copia-de-Post-de-Instagram-Feliz-Cumpleanos-Sencillo-Minimalista-Azul-1000-x-500-px-2026-08-30T142504.371-860x430-1.png",860,430,false],"covernews-featured":["https:\/\/www.carlosbuenonoticias.com\/wp-content\/uploads\/2026\/08\/Copia-de-Copia-de-Post-de-Instagram-Feliz-Cumpleanos-Sencillo-Minimalista-Azul-1000-x-500-px-2026-08-30T142504.371-860x430-1.png",860,430,false],"covernews-medium":["https:\/\/www.carlosbuenonoticias.com\/wp-content\/uploads\/2026\/08\/Copia-de-Copia-de-Post-de-Instagram-Feliz-Cumpleanos-Sencillo-Minimalista-Azul-1000-x-500-px-2026-08-30T142504.371-860x430-1-540x340.png",540,340,true]},"author_info":{"info":["Bimary De Jesus"]},"category_info":"<a href=\"https:\/\/www.carlosbuenonoticias.com\/?cat=178\" rel=\"category\">Entretenimiento<\/a>","tag_info":"Entretenimiento","comment_count":"0","_links":{"self":[{"href":"https:\/\/www.carlosbuenonoticias.com\/index.php?rest_route=\/wp\/v2\/posts\/33355","targetHints":{"allow":["GET"]}}],"collection":[{"href":"https:\/\/www.carlosbuenonoticias.com\/index.php?rest_route=\/wp\/v2\/posts"}],"about":[{"href":"https:\/\/www.carlosbuenonoticias.com\/index.php?rest_route=\/wp\/v2\/types\/post"}],"author":[{"embeddable":true,"href":"https:\/\/www.carlosbuenonoticias.com\/index.php?rest_route=\/wp\/v2\/users\/5"}],"replies":[{"embeddable":true,"href":"https:\/\/www.carlosbuenonoticias.com\/index.php?rest_route=%2Fwp%2Fv2%2Fcomments&post=33355"}],"version-history":[{"count":1,"href":"https:\/\/www.carlosbuenonoticias.com\/index.php?rest_route=\/wp\/v2\/posts\/33355\/revisions"}],"predecessor-version":[{"id":33357,"href":"https:\/\/www.carlosbuenonoticias.com\/index.php?rest_route=\/wp\/v2\/posts\/33355\/revisions\/33357"}],"wp:featuredmedia":[{"embeddable":true,"href":"https:\/\/www.carlosbuenonoticias.com\/index.php?rest_route=\/wp\/v2\/media\/33356"}],"wp:attachment":[{"href":"https:\/\/www.carlosbuenonoticias.com\/index.php?rest_route=%2Fwp%2Fv2%2Fmedia&parent=33355"}],"wp:term":[{"taxonomy":"category","embeddable":true,"href":"https:\/\/www.carlosbuenonoticias.com\/index.php?rest_route=%2Fwp%2Fv2%2Fcategories&post=33355"},{"taxonomy":"post_tag","embeddable":true,"href":"https:\/\/www.carlosbuenonoticias.com\/index.php?rest_route=%2Fwp%2Fv2%2Ftags&post=33355"}],"curies":[{"name":"wp","href":"https:\/\/api.w.org\/{rel}","templated":true}]}}